[{"@context":"https:\/\/schema.org\/","@type":"Article","@id":"https:\/\/www.web112.cz\/zmeny-v-povinnem-ockovani-deti-od-ledna-2018\/#Article","mainEntityOfPage":"https:\/\/www.web112.cz\/zmeny-v-povinnem-ockovani-deti-od-ledna-2018\/","headline":"Zm\u011bny v povinn\u00e9m o\u010dkov\u00e1n\u00ed d\u011bt\u00ed od ledna 2018","name":"Zm\u011bny v povinn\u00e9m o\u010dkov\u00e1n\u00ed d\u011bt\u00ed od ledna 2018","description":"O\u010dkov\u00e1n\u00ed je aktu\u00e1ln\u011b velmi o\u017eehav\u00e9 t\u00e9ma. Odp\u016frci i zast\u00e1nci proti sob\u011b stoj\u00ed a bude tomu tak z\u0159ejm\u011b i nad\u00e1le. V\u017edy, kdy\u017e jsme k n\u011b\u010demu nuceni, je n\u00e1m to z podstaty v\u011bci proti srsti. Kdy\u017e jde nav\u00edc o na\u0161e d\u011bti, je to jako \u010derven\u00fd hadr pro b\u00fdka. Pr\u00e1v\u011b o\u010dkov\u00e1n\u00ed je takovouto oblast\u00ed. V\u017edy si pro sv\u00e9 [&hellip;]","datePublished":"2025-02-27","dateModified":"2023-05-01","author":{"@type":"Person","@id":"https:\/\/www.web112.cz\/author\/#Person","name":"web112.cz\n","url":"https:\/\/www.web112.cz\/author\/","identifier":1,"image":{"@type":"ImageObject","@id":"https:\/\/secure.gravatar.com\/avatar\/4b051168bd2ace843d503d3432ebc4a96ac13303845197b3f2a2634cb21029f6?s=96&d=mm&r=g","url":"https:\/\/secure.gravatar.com\/avatar\/4b051168bd2ace843d503d3432ebc4a96ac13303845197b3f2a2634cb21029f6?s=96&d=mm&r=g","height":96,"width":96}},"publisher":{"@type":"Organization","name":"web112.cz","logo":{"@type":"ImageObject","@id":"\/logo.png","url":"\/logo.png","width":600,"height":60}},"image":{"@type":"ImageObject","@id":"https:\/\/www.web112.cz\/wp-content\/uploads\/img_a306107_w2155_t1517339975.jpg","url":"https:\/\/www.web112.cz\/wp-content\/uploads\/img_a306107_w2155_t1517339975.jpg","height":0,"width":0},"url":"https:\/\/www.web112.cz\/zmeny-v-povinnem-ockovani-deti-od-ledna-2018\/","wordCount":558,"articleBody":"O\u010dkov\u00e1n\u00ed je aktu\u00e1ln\u011b velmi o\u017eehav\u00e9 t\u00e9ma. Odp\u016frci i zast\u00e1nci proti sob\u011b stoj\u00ed a bude tomu tak z\u0159ejm\u011b i nad\u00e1le. V\u017edy, kdy\u017e jsme k n\u011b\u010demu nuceni, je n\u00e1m to z podstaty v\u011bci proti srsti. Kdy\u017e jde nav\u00edc o na\u0161e d\u011bti, je to jako \u010derven\u00fd hadr pro b\u00fdka. Pr\u00e1v\u011b o\u010dkov\u00e1n\u00ed je takovouto oblast\u00ed. V\u017edy si pro sv\u00e9 d\u011bti p\u0159ejeme to nejlep\u0161\u00ed, zdrav\u00ed je v tomto \u017eeb\u0159\u00ed\u010dku jednozna\u010dn\u011b na prvn\u00edm m\u00edst\u011b, a tak by se mohlo zd\u00e1t, \u017ee v p\u0159\u00edpad\u011b o\u010dkov\u00e1n\u00ed nebude m\u00edt nikdo pochybnosti o tom, zda ano, \u010di ne. Bohu\u017eel tomu tak nen\u00ed. Informovanost v t\u00e9to oblasti je mal\u00e1, ne\u017e\u00e1douc\u00ed \u00fa\u010dinky nejsou \u0159\u00e1dn\u011b hl\u00e1\u0161eny, l\u00e9ka\u0159i jsou do o\u010dkov\u00e1n\u00ed d\u011bt\u00ed pod pokutou tla\u010deni. A jedin\u00fd zisk z toho maj\u00ed farmaceutick\u00e9 spole\u010dnosti. Za\u010darovan\u00fd kruh, ve kter\u00e9m zd\u00e1 se, jde v\u00edce o pen\u00edze, ne\u017e o zdrav\u00ed. Poj\u010fme ale zp\u011bt ke zm\u011bn\u00e1m v o\u010dkov\u00e1n\u00ed. V p\u0159\u00edpad\u011b nejmen\u0161\u00edch d\u011bt\u00ed se t\u00fdkaj\u00ed ji\u017e prvn\u00ed povinn\u00e9 vakc\u00edny, kter\u00e1 je ozna\u010dov\u00e1na jako Hexavakc\u00edna. Zahrnuje o\u010dkov\u00e1n\u00ed proti z\u00e1\u0161krtu, tetanu, \u010dern\u00e9mu ka\u0161li, d\u011btsk\u00e9 p\u0159enosn\u00e9 obrn\u011b, haemofilu influenzae b a \u017eloutence typu B. Doposud bylo o\u010dkovac\u00ed sch\u00e9ma rozd\u011bleno do t\u0159ech d\u00e1vek plus jedn\u00e9 d\u00e1vky p\u0159eo\u010dkovac\u00ed. Nyn\u00ed bude jedna d\u00e1vka ubr\u00e1na a o\u010dkovat se tak budou d\u011bti sch\u00e9matem 2+1. O\u010dkov\u00e1n\u00ed m\u016f\u017ee b\u00fdt zapo\u010dato po dovr\u0161en\u00ed druh\u00e9ho m\u011bs\u00edce v\u011bku a dal\u0161\u00ed d\u00e1vka je pak aplikov\u00e1na o dva m\u011bs\u00edce pozd\u011bji. P\u0159eo\u010dkov\u00e1n\u00ed prob\u011bhne mezi 11. \u2013 13. m\u011bs\u00edcem v\u011bku. Zm\u011bna se t\u00fdk\u00e1 tak\u00e9 n\u00e1sleduj\u00edc\u00edho povinn\u00e9ho o\u010dkov\u00e1n\u00ed batolat, a to vakc\u00ednou s n\u00e1zvem Priorix. Jedn\u00e1 se o o\u010dkov\u00e1n\u00ed proti spalni\u010dk\u00e1m, zard\u011bnk\u00e1m a p\u0159\u00edu\u0161nic\u00edm. Doposud se povinn\u011b o\u010dkovalo v 15. m\u011bs\u00edc\u00edch v\u011bku d\u00edt\u011bte, p\u0159eo\u010dkov\u00e1n\u00ed pak bylo okolo druh\u00e9ho roku v\u011bku. Nyn\u00ed se m\u016f\u017ee za\u010d\u00edt o\u010dkovat touto vakc\u00ednou ji\u017e po dovr\u0161en\u00ed t\u0159in\u00e1cti m\u011bs\u00edc\u016f v\u011bku, tedy d\u0159\u00edve, ne\u017e tomu bylo doposud, nejpozd\u011bji v\u0161ak v 18. m\u011bs\u00edc\u00edch. Vrchn\u00ed v\u011bkov\u00e1 hranice je tedy rovn\u011b\u017e novinkou. Druh\u00e1 d\u00e1vka se nyn\u00ed bude pod\u00e1vat m\u00edsto ve dvou letech, a\u017e po p\u00e1t\u00e9m roce v\u011bku d\u00edt\u011bte. I kdy\u017e vyhl\u00e1\u0161ka pevn\u011b stanovuje, co se mus\u00ed a kdy, n\u011bkte\u0159\u00ed rodi\u010de cht\u011bj\u00ed o\u010dkov\u00e1n\u00ed odlo\u017eit, p\u0159\u00edpadn\u011b se mu \u00fapln\u011b vyhnout. P\u0159i ka\u017ed\u00e9m o\u010dkov\u00e1n\u00ed mus\u00ed l\u00e9ka\u0159 p\u0159edlo\u017eit rodi\u010di k podpisu informovan\u00fd souhlas. V p\u0159\u00edpad\u011b, kdy o\u010dkov\u00e1n\u00ed chce rodi\u010d odlo\u017eit, nebo jej d\u00edt\u011bti v\u016fbec neaplikovat, mus\u00ed podepsat negativn\u00ed reverz. L\u00e9ka\u0159 je toti\u017e ze z\u00e1kona, pod hrozbou vysok\u00e9 pokuty, povinen nao\u010dkovat v\u0161echny d\u011bti v dan\u00e9 v\u011bkov\u00e9 skupin\u011b.                                                                                                                                                                                                                                                                                                                                                                                        4.6\/5 - (5 votes)        "},{"@context":"https:\/\/schema.org\/","@type":"BreadcrumbList","itemListElement":[{"@type":"ListItem","position":1,"name":"Zm\u011bny v povinn\u00e9m o\u010dkov\u00e1n\u00ed d\u011bt\u00ed od ledna 2018","item":"https:\/\/www.web112.cz\/zmeny-v-povinnem-ockovani-deti-od-ledna-2018\/#breadcrumbitem"}]}]