{"@context":"https:\/\/schema.org\/","@type":"CollectionPage","@id":"https:\/\/www.web112.cz\/kultura\/#CollectionPage","headline":"Kultura Category","description":"","url":"https:\/\/www.web112.cz\/kultura\/","hasPart":[{"@type":"Article","@id":"https:\/\/www.web112.cz\/enrique-iglesias-vystoupi-v-praze-dvakrat\/","headline":"Enrique Iglesias vystoup\u00ed v Praze dvakr\u00e1t!","url":"https:\/\/www.web112.cz\/enrique-iglesias-vystoupi-v-praze-dvakrat\/","datePublished":"2025-02-27","dateModified":"2023-05-01","mainEntityOfPage":"https:\/\/www.web112.cz\/enrique-iglesias-vystoupi-v-praze-dvakrat\/","author":{"@type":"Person","@id":"https:\/\/www.web112.cz\/author\/#Person","name":"web112.cz\n","url":"https:\/\/www.web112.cz\/author\/","identifier":1,"image":{"@type":"ImageObject","@id":"https:\/\/secure.gravatar.com\/avatar\/4b051168bd2ace843d503d3432ebc4a96ac13303845197b3f2a2634cb21029f6?s=96&d=mm&r=g","url":"https:\/\/secure.gravatar.com\/avatar\/4b051168bd2ace843d503d3432ebc4a96ac13303845197b3f2a2634cb21029f6?s=96&d=mm&r=g","height":96,"width":96}},"publisher":{"@type":"Organization","name":"web112.cz","logo":{"@type":"ImageObject","@id":"\/logo.png","url":"\/logo.png","width":600,"height":60}},"image":{"@type":"ImageObject","@id":"https:\/\/www.web112.cz\/wp-content\/uploads\/img_a309773_w2140_t1520801191.jpg","url":"https:\/\/www.web112.cz\/wp-content\/uploads\/img_a309773_w2140_t1520801191.jpg","height":0,"width":0},"keywords":null},{"@type":"Article","@id":"https:\/\/www.web112.cz\/festival-litomericky-koren-2017\/","headline":"Festival Litom\u011b\u0159ick\u00fd ko\u0159en 2017","url":"https:\/\/www.web112.cz\/festival-litomericky-koren-2017\/","datePublished":"2025-02-25","dateModified":"2023-05-01","mainEntityOfPage":"https:\/\/www.web112.cz\/festival-litomericky-koren-2017\/","author":{"@type":"Person","@id":"https:\/\/www.web112.cz\/author\/#Person","name":"web112.cz\n","url":"https:\/\/www.web112.cz\/author\/","identifier":1,"image":{"@type":"ImageObject","@id":"https:\/\/secure.gravatar.com\/avatar\/4b051168bd2ace843d503d3432ebc4a96ac13303845197b3f2a2634cb21029f6?s=96&d=mm&r=g","url":"https:\/\/secure.gravatar.com\/avatar\/4b051168bd2ace843d503d3432ebc4a96ac13303845197b3f2a2634cb21029f6?s=96&d=mm&r=g","height":96,"width":96}},"publisher":{"@type":"Organization","name":"web112.cz","logo":{"@type":"ImageObject","@id":"\/logo.png","url":"\/logo.png","width":600,"height":60}},"image":{"@type":"ImageObject","@id":"https:\/\/www.web112.cz\/wp-content\/uploads\/img_a291451_w2140_t1504039830.jpg","url":"https:\/\/www.web112.cz\/wp-content\/uploads\/img_a291451_w2140_t1504039830.jpg","height":0,"width":0},"keywords":null},{"@type":"Article","@id":"https:\/\/www.web112.cz\/muzeum-filmu-a-televize-v-berline-museum-fur-film-und-fernsehen\/","headline":"Muzeum filmu a televize v Berl\u00edn\u011b (Museum f\u00fcr Film und Fernsehen)","url":"https:\/\/www.web112.cz\/muzeum-filmu-a-televize-v-berline-museum-fur-film-und-fernsehen\/","datePublished":"2025-02-24","dateModified":"2023-05-01","mainEntityOfPage":"https:\/\/www.web112.cz\/muzeum-filmu-a-televize-v-berline-museum-fur-film-und-fernsehen\/","author":{"@type":"Person","@id":"https:\/\/www.web112.cz\/author\/#Person","name":"web112.cz\n","url":"https:\/\/www.web112.cz\/author\/","identifier":1,"image":{"@type":"ImageObject","@id":"https:\/\/secure.gravatar.com\/avatar\/4b051168bd2ace843d503d3432ebc4a96ac13303845197b3f2a2634cb21029f6?s=96&d=mm&r=g","url":"https:\/\/secure.gravatar.com\/avatar\/4b051168bd2ace843d503d3432ebc4a96ac13303845197b3f2a2634cb21029f6?s=96&d=mm&r=g","height":96,"width":96}},"publisher":{"@type":"Organization","name":"web112.cz","logo":{"@type":"ImageObject","@id":"\/logo.png","url":"\/logo.png","width":600,"height":60}},"image":{"@type":"ImageObject","@id":"https:\/\/www.web112.cz\/wp-content\/uploads\/img_a344467_w2140_t1558294112.jpg","url":"https:\/\/www.web112.cz\/wp-content\/uploads\/img_a344467_w2140_t1558294112.jpg","height":0,"width":0},"keywords":null},{"@type":"Article","@id":"https:\/\/www.web112.cz\/vite-ktera-cast-tela-starne-nejpomaleji\/","headline":"V\u00edte, kter\u00e1 \u010d\u00e1st t\u011bla st\u00e1rne nejpomaleji?","url":"https:\/\/www.web112.cz\/vite-ktera-cast-tela-starne-nejpomaleji\/","datePublished":"2019-03-11","dateModified":"2023-05-01","mainEntityOfPage":"https:\/\/www.web112.cz\/vite-ktera-cast-tela-starne-nejpomaleji\/","author":{"@type":"Person","@id":"https:\/\/www.web112.cz\/author\/#Person","name":"web112.cz\n","url":"https:\/\/www.web112.cz\/author\/","identifier":1,"image":{"@type":"ImageObject","@id":"https:\/\/secure.gravatar.com\/avatar\/4b051168bd2ace843d503d3432ebc4a96ac13303845197b3f2a2634cb21029f6?s=96&d=mm&r=g","url":"https:\/\/secure.gravatar.com\/avatar\/4b051168bd2ace843d503d3432ebc4a96ac13303845197b3f2a2634cb21029f6?s=96&d=mm&r=g","height":96,"width":96}},"publisher":{"@type":"Organization","name":"web112.cz","logo":{"@type":"ImageObject","@id":"\/logo.png","url":"\/logo.png","width":600,"height":60}},"image":{"@type":"ImageObject","@id":"https:\/\/www.web112.cz\/wp-content\/uploads\/img_a341249_w2140_t1553960226.jpg","url":"https:\/\/www.web112.cz\/wp-content\/uploads\/img_a341249_w2140_t1553960226.jpg","height":0,"width":0},"keywords":null},{"@type":"Article","@id":"https:\/\/www.web112.cz\/aktivitu-vhodnou-pro-deti-i-dospele-umozni-trampolina-se-siti\/","headline":"Aktivitu vhodnou pro d\u011bti i dosp\u011bl\u00e9 umo\u017en\u00ed trampol\u00edna se s\u00edt\u00ed","url":"https:\/\/www.web112.cz\/aktivitu-vhodnou-pro-deti-i-dospele-umozni-trampolina-se-siti\/","datePublished":"2017-04-13","dateModified":"2023-05-01","mainEntityOfPage":"https:\/\/www.web112.cz\/aktivitu-vhodnou-pro-deti-i-dospele-umozni-trampolina-se-siti\/","author":{"@type":"Person","@id":"https:\/\/www.web112.cz\/author\/#Person","name":"web112.cz\n","url":"https:\/\/www.web112.cz\/author\/","identifier":1,"image":{"@type":"ImageObject","@id":"https:\/\/secure.gravatar.com\/avatar\/4b051168bd2ace843d503d3432ebc4a96ac13303845197b3f2a2634cb21029f6?s=96&d=mm&r=g","url":"https:\/\/secure.gravatar.com\/avatar\/4b051168bd2ace843d503d3432ebc4a96ac13303845197b3f2a2634cb21029f6?s=96&d=mm&r=g","height":96,"width":96}},"publisher":{"@type":"Organization","name":"web112.cz","logo":{"@type":"ImageObject","@id":"\/logo.png","url":"\/logo.png","width":600,"height":60}},"image":{"@type":"ImageObject","@id":"https:\/\/www.web112.cz\/wp-content\/uploads\/img_a286923_w2250_t1497201391.jpg","url":"https:\/\/www.web112.cz\/wp-content\/uploads\/img_a286923_w2250_t1497201391.jpg","height":0,"width":0},"keywords":null}]}