[{"@context":"https:\/\/schema.org\/","@type":"Article","@id":"https:\/\/www.web112.cz\/jake-sperky-zvolit-v-roce-2019\/#Article","mainEntityOfPage":"https:\/\/www.web112.cz\/jake-sperky-zvolit-v-roce-2019\/","headline":"Jak\u00e9 \u0161perky zvolit v roce 2019?","name":"Jak\u00e9 \u0161perky zvolit v roce 2019?","description":"\u0160perky pat\u0159\u00ed ji\u017e od nepam\u011bti mezi obl\u00edben\u00e9 dopl\u0148ky od\u011bv\u016f nejen mezi \u017eenami. Trendy si s\u00a0jejich vzhledem r\u016fzn\u011b pohr\u00e1vaj\u00ed \u2013 n\u011bkdy jsou v\u00a0kurzu v\u00fdrazn\u00e9 \u0161perky, kter\u00e9 barevn\u011b dolad\u00ed cel\u00fd outfit, jindy zase \u0161perky decentn\u00ed, kter\u00e9 umoc\u0148uj\u00ed \u017eenskou kr\u00e1su. Jak\u00e9 \u0161perky si po\u0159\u00eddit letos? Leto\u0161n\u00edm trendem jsou v\u00fdrazn\u00e9 \u0161perky. To se t\u00fdk\u00e1 prsten\u016f, n\u00e1u\u0161nic i n\u00e1ramk\u016f. M\u00f3da [&hellip;]","datePublished":"2019-07-19","dateModified":"2023-05-01","author":{"@type":"Person","@id":"https:\/\/www.web112.cz\/author\/#Person","name":"web112.cz\n","url":"https:\/\/www.web112.cz\/author\/","identifier":1,"image":{"@type":"ImageObject","@id":"https:\/\/secure.gravatar.com\/avatar\/4b051168bd2ace843d503d3432ebc4a96ac13303845197b3f2a2634cb21029f6?s=96&d=mm&r=g","url":"https:\/\/secure.gravatar.com\/avatar\/4b051168bd2ace843d503d3432ebc4a96ac13303845197b3f2a2634cb21029f6?s=96&d=mm&r=g","height":96,"width":96}},"publisher":{"@type":"Organization","name":"web112.cz","logo":{"@type":"ImageObject","@id":"\/logo.png","url":"\/logo.png","width":600,"height":60}},"image":{"@type":"ImageObject","@id":"https:\/\/www.web112.cz\/wp-content\/uploads\/img_a349727_w2140_t1564830783.jpg","url":"https:\/\/www.web112.cz\/wp-content\/uploads\/img_a349727_w2140_t1564830783.jpg","height":0,"width":0},"url":"https:\/\/www.web112.cz\/jake-sperky-zvolit-v-roce-2019\/","about":["M\u00f3da"],"wordCount":463,"articleBody":"\u0160perky pat\u0159\u00ed ji\u017e od nepam\u011bti mezi obl\u00edben\u00e9 dopl\u0148ky od\u011bv\u016f nejen mezi \u017eenami. Trendy si s\u00a0jejich vzhledem r\u016fzn\u011b pohr\u00e1vaj\u00ed \u2013 n\u011bkdy jsou v\u00a0kurzu v\u00fdrazn\u00e9 \u0161perky, kter\u00e9 barevn\u011b dolad\u00ed cel\u00fd outfit, jindy zase \u0161perky decentn\u00ed, kter\u00e9 umoc\u0148uj\u00ed \u017eenskou kr\u00e1su. Jak\u00e9 \u0161perky si po\u0159\u00eddit letos?Leto\u0161n\u00edm trendem jsou v\u00fdrazn\u00e9 \u0161perky. To se t\u00fdk\u00e1 prsten\u016f, n\u00e1u\u0161nic i n\u00e1ramk\u016f. M\u00f3da se v\u00a0t\u00e9to oblasti vrac\u00ed do minulosti a za\u010d\u00ednaj\u00ed se znovu objevovat velk\u00e9 plastov\u00e9 kruhov\u00e9 n\u00e1u\u0161nice nebo n\u00e1ramky. Nos\u00ed se tak\u00e9 zlat\u00e9 \u010di st\u0159\u00edbrn\u00e9 \u0161perky, kter\u00e9 se mohou spolu kombinovat. U\u017e toti\u017e neplat\u00ed pravidlo, \u017ee se zlato nesm\u00ed kombinovat se st\u0159\u00edbrem, pr\u00e1v\u011b naopak. Vrstven\u00ed je letos velmi aktu\u00e1ln\u00ed a nez\u00e1le\u017e\u00ed tady na materi\u00e1lu jednotliv\u00fdch vrstev, kter\u00e9 ani nemus\u00ed m\u00edt stejnou barvu. Nejl\u00e9pe vrstven\u00ed vypad\u00e1 u jemn\u00fdch \u0161perk\u016f, je ale mo\u017en\u00e9 vrstvit i v\u00fdrazn\u011bj\u0161\u00ed typy.Velk\u00fdm hitem tohoto roku jsou sponky do vlas\u016f a sk\u0159ipce, kter\u00e9 se vrac\u00ed z\u00a0dob minul\u00fdch, kdy si z\u00edskaly velk\u00e9 oblib\u011b p\u0159edev\u0161\u00edm d\u00edky sv\u00e9 \u00fa\u010delovosti a z\u00e1rove\u0148 esteti\u010dnosti. U spon plat\u00ed pravidlo, \u017ee \u010d\u00edm v\u00edce jsou v\u00fdrazn\u00e9, t\u00edm l\u00e9pe. Mohou se nosit bu\u010f na stran\u011b hlavy nebo na temeni sp\u00ednaj\u00edc\u00ed vrchn\u00ed pramen vlas\u016f, sk\u0159ipec m\u016f\u017ee sep\u00ednat v\u0161echny vlasy sto\u010den\u00e9 v\u00a0drdol nebo jen jejich \u010d\u00e1st. Velmi \u0161ik je letos tak\u00e9 zkombinovat v\u00edce spon v\u00a0\u00fa\u010desu najednou.Tak\u00e9 no\u0161en\u00ed prsten\u016f zaregistrovalo ur\u010ditou zm\u011bnu. Zat\u00edmco v\u00a0minulosti se nosil i v\u00edce ne\u017e jeden prsten na ka\u017ed\u00e9m prstu, letos se trendy p\u0159ikl\u00e1n\u00ed sp\u00ed\u0161e ke st\u0159\u00eddmosti. Sta\u010d\u00ed jeden a\u017e t\u0159i prsteny, kdy jeden z\u00a0nich m\u016f\u017ee b\u00fdt v\u00fdrazn\u011bj\u0161\u00ed (klidn\u011b plastov\u00fd) a ostatn\u00ed jsou decentn\u011bj\u0161\u00ed. Pokud \u017eena zvol\u00ed v\u00edce v\u00fdrazn\u00fdch prsten\u016f, mus\u00ed d\u00e1t pozor na to, aby k\u00a0sob\u011b i celkov\u00e9mu outfitu ladily a nep\u016fsobily p\u0159\u00edli\u0161 lacin\u011b.N\u00e1hrdeln\u00edky mohou b\u00fdt v\u00fdrazn\u00e9 i jemn\u00e9, klidn\u011b i zkombinovan\u00e9 spolu. I zde toti\u017e plat\u00ed trend vrstven\u00ed. Jak ji\u017e bylo uvedeno v\u00fd\u0161e, mohou se kombinovat r\u016fzn\u00e9 materi\u00e1ly i barvy, jednotliv\u00e9 n\u00e1hrdeln\u00edky by m\u011bly m\u00edt r\u016fznou d\u00e9lku, aby vynikl ka\u017ed\u00fd jeden z\u00a0nich. Mohou se kombinovat jemn\u00e9 \u0159et\u00edzky s\u00a0kor\u00e1lkov\u00fdm \u010di perlov\u00fdm n\u00e1hrdeln\u00edkem, v\u0161e m\u016f\u017ee b\u00fdt dozdobeno tak\u00e9 vhodn\u00fdm p\u0159\u00edv\u011b\u0161kem. Podobn\u011b se vrstv\u00ed tak\u00e9 n\u00e1ramky, u kter\u00fdch je nejv\u00edce modern\u00ed kombinace minimalistick\u00e9ho n\u00e1ramku s\u00a0v\u00fdrazn\u00fdmi hodinkami.                                                                                                                                                                                                                                                                                                                                                                                        3.6\/5 - (5 votes)        "},{"@context":"https:\/\/schema.org\/","@type":"BreadcrumbList","itemListElement":[{"@type":"ListItem","position":1,"name":"Jak\u00e9 \u0161perky zvolit v roce 2019?","item":"https:\/\/www.web112.cz\/jake-sperky-zvolit-v-roce-2019\/#breadcrumbitem"}]}]