[{"@context":"https:\/\/schema.org\/","@type":"Article","@id":"https:\/\/www.web112.cz\/festival-litomericky-koren-2017\/#Article","mainEntityOfPage":"https:\/\/www.web112.cz\/festival-litomericky-koren-2017\/","headline":"Festival Litom\u011b\u0159ick\u00fd ko\u0159en 2017","name":"Festival Litom\u011b\u0159ick\u00fd ko\u0159en 2017","description":"Festivalse uskute\u010dn\u00ed na zn\u00e1m\u00e9m m\u00edst\u011b v\u00a0are\u00e1lu letn\u00edho kina, v\u00a0lesoparku St\u0159eleck\u00e9ho ostrova na b\u0159ehu Labe v\u00a0Litom\u011b\u0159ic\u00edch a to 30. 6. \u2013 1. 7. 2017. Festival zah\u00e1j\u00ed sv\u00fdm vystoupen\u00edm v\u00a0p\u00e1tek v\u00a017:40 V\u00e1clav Koubek. Organiz\u00e1to\u0159i z\u00a0Agentury Modr\u00fd z\u00a0nebe se t\u00edmto ro\u010dn\u00edkem rozhodli ukon\u010dit t\u00e9m\u011b\u0159 \u010dtvrtstolet\u00ed starou tradici a pojmout ho jako rozlu\u010dkov\u00fd. Nicm\u00e9n\u011b v\u011b\u0159\u00edm, \u017ee i tento ro\u010dn\u00edk, [&hellip;]","datePublished":"2025-02-25","dateModified":"2023-05-01","author":{"@type":"Person","@id":"https:\/\/www.web112.cz\/author\/#Person","name":"web112.cz\n","url":"https:\/\/www.web112.cz\/author\/","identifier":1,"image":{"@type":"ImageObject","@id":"https:\/\/secure.gravatar.com\/avatar\/4b051168bd2ace843d503d3432ebc4a96ac13303845197b3f2a2634cb21029f6?s=96&d=mm&r=g","url":"https:\/\/secure.gravatar.com\/avatar\/4b051168bd2ace843d503d3432ebc4a96ac13303845197b3f2a2634cb21029f6?s=96&d=mm&r=g","height":96,"width":96}},"publisher":{"@type":"Organization","name":"web112.cz","logo":{"@type":"ImageObject","@id":"\/logo.png","url":"\/logo.png","width":600,"height":60}},"image":{"@type":"ImageObject","@id":"https:\/\/www.web112.cz\/wp-content\/uploads\/img_a291451_w2140_t1504039830.jpg","url":"https:\/\/www.web112.cz\/wp-content\/uploads\/img_a291451_w2140_t1504039830.jpg","height":0,"width":0},"url":"https:\/\/www.web112.cz\/festival-litomericky-koren-2017\/","about":["Kultura"],"wordCount":401,"articleBody":"Festivalse uskute\u010dn\u00ed na zn\u00e1m\u00e9m m\u00edst\u011b v\u00a0are\u00e1lu letn\u00edho kina, v\u00a0lesoparku St\u0159eleck\u00e9ho ostrova na b\u0159ehu Labe v\u00a0Litom\u011b\u0159ic\u00edch a to 30. 6. \u2013 1. 7. 2017. Festival zah\u00e1j\u00ed sv\u00fdm vystoupen\u00edm v\u00a0p\u00e1tek v\u00a017:40 V\u00e1clav Koubek. Organiz\u00e1to\u0159i z\u00a0Agentury Modr\u00fd z\u00a0nebe se t\u00edmto ro\u010dn\u00edkem rozhodli ukon\u010dit t\u00e9m\u011b\u0159 \u010dtvrtstolet\u00ed starou tradici a pojmout ho jako rozlu\u010dkov\u00fd. Nicm\u00e9n\u011b v\u011b\u0159\u00edm, \u017ee i tento ro\u010dn\u00edk, se jako v\u011bt\u0161ina p\u0159edch\u00e1zej\u00edc\u00edch, ponese ve vesel\u00e9m a p\u0159\u00e1telsk\u00e9m duchu a bude se na n\u011bj dlouho vzpom\u00ednat.Kdo p\u0159ijede zahr\u00e1t a pobavit n\u00e1s?Z\u00a0dom\u00e1c\u00edch \u00fa\u010dinkuj\u00edc\u00edch to bude:\u00fc\u00a0 Iva Bittov\u00e1 s\u00a0Vladim\u00edrem V\u00e1clavkem a synem Tonym Fajtem \u00fc\u00a0 Dagmar Vo\u0148kov\u00e1\u00fc\u00a0 Mucha,\u00fc\u00a0 Houpac\u00ed kon\u011b\u00fc\u00a0 Ty sy\u010d\u00e1ci\u00fc\u00a0 divadlo Sklep\u00fc\u00a0 \u00a0divadlo 100 opic. Multikulturn\u00ed sc\u00e9na nab\u00eddne tak\u00e9 zaj\u00edmav\u00e1 vystoupen\u00ed, nap\u0159. z\u00a0Berl\u00edna doraz\u00ed kapela Sedaa, ve kter\u00e9 se m\u00eds\u00ed tradice a hudba Mongolska a \u00cdr\u00e1nu. Nebo brazilsko-americko-n\u011bmeck\u00e9 trio Chris Hazeltucky, sloven\u0161t\u00ed Torn\u00e1do Lue a dal\u0161\u00ed.\tVstupn\u00e9L\u00edstky v\u00a0p\u0159edprodeji do konce \u010dervna stoj\u00ed 550,-K\u010d a na m\u00edst\u011b 600,-. Jednodenn\u00ed vstup je pak za 380,-K\u010d. Psi mohou do are\u00e1lu jen s\u00a0n\u00e1hubkem a na vod\u00edtku, d\u011bti do 15 let maj\u00ed vstup s\u00a0doprovodem zdarma a v\u00a0are\u00e1lu St\u0159eleck\u00e9ho ostrova mohou, jako ka\u017ed\u00fd rok, \u00fa\u010dastn\u00edci festivalu kempovat zdarma. Do Litom\u011b\u0159ic je velmi snadn\u00e9 se dostat autobusy \u010di vlaky, pro romanti\u010dt\u011bj\u0161\u00ed du\u0161e po vod\u011b \u2013 z\u00a0Lovosic \u010di \u00dast\u00ed nad Labem lod\u00ed. P\u0159ijedete-li autem, parkov\u00e1n\u00ed tak\u00e9 jist\u011b najdete.\u00a0\u00b7\u00a0\u00a0\u00a0\u00a0\u00a0\u00a0\u00a0\u00a0 Krom\u011b hudebn\u00edho a divadeln\u00edho programu bude na m\u00edst\u011b mo\u017en\u00e9 shl\u00e9dnout dokument o festivalu, kter\u00fd v\u00a0roce 2015 nato\u010dil Sa\u0161a Gedeon a Milo\u0161 Dvo\u0159\u00e1\u010dek, zakoupit rukod\u011bln\u00e9 d\u00e1rky, s\u00fdry, knihy a desky z\u00a0Rekomanda, atd.P\u0159ije\u010fte se na leto\u0161n\u00ed Ko\u0159en pod\u00edvat, je u\u017e asi v\u00e1\u017en\u011b posledn\u00ed a byla by \u0161koda jej nikdy neza\u017e\u00edt. Svou p\u0159\u00e1telskou a uvoln\u011bnou atmosf\u00e9rou, p\u0159\u00edstupnost\u00ed pro ka\u017ed\u00e9ho, kr\u00e1sn\u00fdm m\u00edstem a dobrou hudbou u\u010daroval mnoh\u00fdm, a pokud m\u00e1m mluvit za sebe, bude mi v\u00a0dal\u0161\u00edch letech sch\u00e1zet.                                                                                                                                                                                                                                                                                                                                                                                        4.9\/5 - (8 votes)        "},{"@context":"https:\/\/schema.org\/","@type":"BreadcrumbList","itemListElement":[{"@type":"ListItem","position":1,"name":"Festival Litom\u011b\u0159ick\u00fd ko\u0159en 2017","item":"https:\/\/www.web112.cz\/festival-litomericky-koren-2017\/#breadcrumbitem"}]}]