[{"@context":"https:\/\/schema.org\/","@type":"Article","@id":"https:\/\/www.web112.cz\/enrique-iglesias-vystoupi-v-praze-dvakrat\/#Article","mainEntityOfPage":"https:\/\/www.web112.cz\/enrique-iglesias-vystoupi-v-praze-dvakrat\/","headline":"Enrique Iglesias vystoup\u00ed v Praze dvakr\u00e1t!","name":"Enrique Iglesias vystoup\u00ed v Praze dvakr\u00e1t!","description":"Enrique Iglesias vystupoval v\u00a0Praze naposledy v\u00a0roce 2016 a tehdy sv\u00fdm nad\u0161en\u00fdm fanou\u0161k\u016fm sl\u00edbil, \u017ee se do Prahy v\u00a0brzk\u00e9 dob\u011b vr\u00e1t\u00ed. Sv\u016fj slib vyplnil. 8. kv\u011bten byl prvn\u00edm term\u00ednem, ve kter\u00e9m se m\u011bl uskute\u010dnit jeho narozeninov\u00fd koncert. O2 ar\u00e9na tak pravd\u011bpodobn\u011b uvid\u00ed nejv\u011bt\u0161\u00ed narozeninovou show ve sv\u00e9 historii. Z\u00e1jem o l\u00edstky ze strany fanou\u0161k\u016f tohoto \u0160pan\u011bla [&hellip;]","datePublished":"2025-02-27","dateModified":"2023-05-01","author":{"@type":"Person","@id":"https:\/\/www.web112.cz\/author\/#Person","name":"web112.cz\n","url":"https:\/\/www.web112.cz\/author\/","identifier":1,"image":{"@type":"ImageObject","@id":"https:\/\/secure.gravatar.com\/avatar\/4b051168bd2ace843d503d3432ebc4a96ac13303845197b3f2a2634cb21029f6?s=96&d=mm&r=g","url":"https:\/\/secure.gravatar.com\/avatar\/4b051168bd2ace843d503d3432ebc4a96ac13303845197b3f2a2634cb21029f6?s=96&d=mm&r=g","height":96,"width":96}},"publisher":{"@type":"Organization","name":"web112.cz","logo":{"@type":"ImageObject","@id":"\/logo.png","url":"\/logo.png","width":600,"height":60}},"image":{"@type":"ImageObject","@id":"https:\/\/www.web112.cz\/wp-content\/uploads\/img_a309773_w2140_t1520801191.jpg","url":"https:\/\/www.web112.cz\/wp-content\/uploads\/img_a309773_w2140_t1520801191.jpg","height":0,"width":0},"url":"https:\/\/www.web112.cz\/enrique-iglesias-vystoupi-v-praze-dvakrat\/","about":["Kultura"],"wordCount":399,"articleBody":"Enrique Iglesias vystupoval v\u00a0Praze naposledy v\u00a0roce 2016 a tehdy sv\u00fdm nad\u0161en\u00fdm fanou\u0161k\u016fm sl\u00edbil, \u017ee se do Prahy v\u00a0brzk\u00e9 dob\u011b vr\u00e1t\u00ed. Sv\u016fj slib vyplnil. 8. kv\u011bten byl prvn\u00edm term\u00ednem, ve kter\u00e9m se m\u011bl uskute\u010dnit jeho narozeninov\u00fd koncert. O2 ar\u00e9na tak pravd\u011bpodobn\u011b uvid\u00ed nejv\u011bt\u0161\u00ed narozeninovou show ve sv\u00e9 historii. Z\u00e1jem o l\u00edstky ze strany fanou\u0161k\u016f tohoto \u0160pan\u011bla byl tak velik\u00fd, \u017ee se po\u0159adatel po vyprod\u00e1n\u00ed tohoto koncertu po dohod\u011b se zp\u011bv\u00e1kem rozhodl p\u0159idat je\u0161t\u011b jeden koncert, a to na 7. kv\u011btna. Majitel\u00e9 prvn\u00edho tis\u00edce vstupenek nav\u00edc sout\u011b\u017e\u00ed o setk\u00e1n\u00ed se \u0161pan\u011blskou hv\u011bzdou. Dva vylosovan\u00ed \u0161\u0165astlivci tak budou moci oslavenci pop\u0159\u00e1t osobn\u011b! 8. kv\u011btna toti\u017e \u010derstv\u00fd otec dvoj\u010dat Enrique Iglesias oslav\u00ed sv\u00e9 \u010dty\u0159ic\u00e1t\u00e9 t\u0159et\u00ed narozeniny!T\u011b\u0161te se na nejv\u011bt\u0161\u00ed zp\u011bv\u00e1kovy hity!Zp\u011bv\u00e1k b\u00fdv\u00e1 ozna\u010dov\u00e1n za kr\u00e1le latinsk\u00e9ho popu! Enrique Iglesias je dr\u017eitelem n\u011bkolika cen Grammy za nejlep\u0161\u00ed latinsk\u00e1 popov\u00e1 alba. Tu posledn\u00ed z\u00edskal v\u00a0roce 2015. Otcem zp\u011bv\u00e1ka je ve \u0160pan\u011blsku nem\u00e9n\u011b zn\u00e1m\u00fd zp\u011bv\u00e1k Julio Iglesias. Za n\u00edm se Enrique p\u0159est\u011bhoval do Miami, kdy\u017e mu bylo osm let. Svou p\u011bveckou kari\u00e9ru v\u0161ak rozj\u00ed\u017ed\u011bl pod pseudonymem, proto\u017ee se p\u0159irozen\u011b b\u00e1l srovn\u00e1v\u00e1n\u00ed se sv\u00fdm otcem \u010di p\u0159\u00edpadn\u00fdm na\u0159\u010den\u00edm z\u00a0protekce. Jeho prvn\u00ed \u0161pan\u011blsky zp\u00edvan\u00e9 album v\u0161ak m\u011blo velik\u00fd \u00fasp\u011bch a kari\u00e9ra mlad\u00e9ho zp\u011bv\u00e1ka se za\u010dala rychle rozj\u00ed\u017ed\u011bt. Enrique Iglesias zp\u00edv\u00e1 sv\u00e9 p\u00edsn\u011b hned ve \u010dty\u0159ech jazyc\u00edch. Mezi jeho nejv\u011bt\u0161\u00ed hity pat\u0159\u00ed p\u00edsn\u011b Hero, Escape, Do You Know \u010di Bailamos.Jeho dlouholetou partnerkou je b\u00fdval\u00e1 rusk\u00e1 tenistka Anna Kurnikovov\u00e1. Potkali se p\u0159i nat\u00e1\u010den\u00ed klipu k\u00a0p\u00edsni Escape. Na konci roku 2017 se jim narodila dvoj\u010data, syn Nicholas a dcera Lucy. Enrique Iglesias tak za\u017e\u00edv\u00e1 te\u010f opravdu \u0161\u0165astn\u00e9 obdob\u00ed a jeho fanou\u0161ci mohou jen doufat, \u017ee se to projev\u00ed na atmosf\u00e9\u0159e jeho narozeninov\u00e9ho koncertu! Pokud chcete vid\u011bt zp\u011bv\u00e1ka v\u00a0akci, vyrazte na jeden z\u00a0jeho koncert\u016f v\u00a0Praze!                                                                                                                                                                                                                                                                                                                                                                                        3.7\/5 - (10 votes)        "},{"@context":"https:\/\/schema.org\/","@type":"BreadcrumbList","itemListElement":[{"@type":"ListItem","position":1,"name":"Enrique Iglesias vystoup\u00ed v Praze dvakr\u00e1t!","item":"https:\/\/www.web112.cz\/enrique-iglesias-vystoupi-v-praze-dvakrat\/#breadcrumbitem"}]}]